{"id":252,"date":"2018-09-11T08:12:10","date_gmt":"2018-09-11T08:12:10","guid":{"rendered":"http:\/\/www.kuvailla.fi\/?p=252"},"modified":"2019-01-22T17:15:18","modified_gmt":"2019-01-22T17:15:18","slug":"zen-valokuvaretki","status":"publish","type":"post","link":"https:\/\/www.kuvailla.fi\/?p=252","title":{"rendered":"ZEN-VALOKUVARETKI"},"content":{"rendered":"<div id=\"attachment_233\" style=\"width: 1034px\" class=\"wp-caption alignnone\"><a href=\"https:\/\/www.kuvailla.fi\/wp-content\/uploads\/2018\/01\/IMG_7666-e1536128749854.jpg\"><img loading=\"lazy\" decoding=\"async\" aria-describedby=\"caption-attachment-233\" class=\"size-full wp-image-233\" src=\"https:\/\/www.kuvailla.fi\/wp-content\/uploads\/2018\/01\/IMG_7666-e1536128749854.jpg\" alt=\"\" width=\"1024\" height=\"683\" \/><\/a><p id=\"caption-attachment-233\" class=\"wp-caption-text\">Kuva joulukuulta 2017. Retkeilimme silloin Inkoon Kopparn\u00e4siss\u00e4.<\/p><\/div>\n<h3>TULE MUKAAN ZEN-VALOKUVARETKELLE LAUTTASAAREN VATTUNIEMEEN!<\/h3>\n<p><strong>Lauantaina 22.9. klo 10: 00- 15:00<\/strong><\/p>\n<p><strong>KATSO LAUTTASAAREN VALOKUVAT <a href=\"https:\/\/www.kuvailla.fi\/?page_id=653\" target=\"_blank\" rel=\"noopener\">NETTISIVULTA<\/a><\/strong><\/p>\n<p>Tapaamispaikka on Helsingin Rautatieaseman Metroasema ja Kompassitasanne klo 10:00, josta matkustamme Lauttasaareen metrolla. Gyldenintiell\u00e4 nousemme bussi no 21 ja ajamme Vattuniementien pys\u00e4kille, josta k\u00e4velemme Vattuniemeen. Jos tulet omalla autolla, tapaaminen on Vattuniementien p\u00e4\u00e4ss\u00e4 n. 10:20-10:30 aikaan.<\/p>\n<p>Katso linkki:\u00a0<strong><a href=\"https:\/\/www.reittiopas.fi\/reitti\/Rautatientori%2C%20Asemanaukio%202%2C%20Helsinki%3A%3A60.170384%2C24.939846\/Vattuniemenkatu%202%2C%20Helsinki%3A%3A60.147502641125115%2C24.887284040451053?time=1537598990\">HSL reittikartta ja aikataulu.<\/a><\/strong><\/p>\n<p>Retki on tarkoitettu kaikille, jotka ovat kiinnostuneet Zen-valokuvauksesta, minimalistisesta valokuvailmaisusta tai &#8221;taidevalokuvauksesta&#8221;. Retkell\u00e4 kuvataan vapaasti ja vapaudutaan kaikista hyv\u00e4n, hienon ja n\u00e4ytt\u00e4v\u00e4n valokuvan vaatimuksista. Jos kysyt itselt\u00e4si, mist\u00e4 tai mit\u00e4 kuvaisin, unohda koko kysymys. Luota, ett\u00e4 kohde l\u00f6yt\u00e4\u00e4 sinut. Zen-valokuvaus onnistuu suuren tyyneyden ja rajattoman hiljaisuuden my\u00f6t\u00e4.<\/p>\n<p>Retkell\u00e4 noudatamme Joitakin Zen-estetiikan periaatteita:<\/p>\n<p style=\"padding-left: 60px;\"><strong>Toimimme hiljaisella mielell\u00e4 t\u00e4ss\u00e4 hetkess\u00e4.<\/strong><\/p>\n<p style=\"padding-left: 60px;\"><strong>N\u00e4e kaiken n\u00e4kyv\u00e4n pysym\u00e4tt\u00f6myys.<\/strong><\/p>\n<p style=\"padding-left: 60px;\"><strong>Arvosta yksinkertaista selkeytt\u00e4.<\/strong><\/p>\n<p style=\"padding-left: 60px;\"><strong>V\u00e4lt\u00e4 koristeellisuutta.<\/strong><\/p>\n<p style=\"padding-left: 60px;\"><strong>Pelkist\u00e4!<\/strong><\/p>\n<p style=\"padding-left: 60px;\"><strong>N\u00e4e valot ja varjot<\/strong><\/p>\n<p>Voit my\u00f6s tulla mukaan ja olla ajattelematta\u00a0 Zen-periaatteita. Voit kuvata vapaasti ja nauttia ulkoilusta.<\/p>\n<p>T\u00e4m\u00e4 harjoitus ei ole kamerasta kiinni. Voit kuvata k\u00e4nnyk\u00e4ll\u00e4, pokkarilla tai millaisella kameralla tahansa. Digitaalisten valokuvien\u00a0 valmistus- ja k\u00e4sittelykurssi on tulossa lokakuussa.<\/p>\n<p><strong>Ilmoittaudu mukaan retkelle<\/strong>\u00a0s\u00e4hk\u00f6postiosoitteella:<strong>\u00a0k<\/strong><em><strong>onttori@kuvailla.fi<\/strong><\/em>, otsikolla \u201dVattuniemeen\u201d niin saat tarkemmat tiedot s\u00e4hk\u00f6postiisi. Retken hintaan sis\u00e4ltyy\u00a0 lyhyt opetus meditatiivisesta hiljaisuudesta ja Zen-valokuvauksesta. Saat my\u00f6s monisteen, jossa on teht\u00e4vi\u00e4 ja ohjeita jatkaa Zen-kuvausta ominp\u00e4in.<\/p>\n<p>Kiirehdi ilmoittautumista. Kelist\u00e4 riippuen kuvailemme joitakin tunteja, sy\u00f6mme ev\u00e4\u00e4t ja palaamme samaa reitti\u00e4 Helsingin asemalle n. klo 15-16 aikoihin. Retken hinta on 15 euroa. Voit maksaa k\u00e4teisell\u00e4 tai pankkitilille Saat tilitiedot s\u00e4hk\u00f6postiisi. Hintaan kuuluu viel\u00e4 lis\u00e4ksi, kuvien katselmus Buddhalainen Keskus Sampossa. (ajankohta ilmoitetaan my\u00f6hemmin). Keskus sijaitsee Hakaniemess\u00e4 N\u00e4kinpolun ja Vetehisenkujan kulmassa. <strong><a href=\"https:\/\/goo.gl\/maps\/9fQpgQ3XA252\">Linkki Google Mapsiin.\u00a0<\/a><\/strong><\/p>\n<p><strong>TULOSSA<\/strong><br \/>\n<strong>13. lokakuuta, 11:00 \u2013 15:00. Kaikille avoin vasta-alkajille suunnattu valokuvan k\u00e4sittelykurssi on\u00a0 Buddhalainen keskus Sampossa,\u00a0 kursille mahtuu 10 osallistujaa<br \/>\n<\/strong>Hinta 20 euroa. Ilmoittaudu,\u00a0s\u00e4hk\u00f6postiosoitteella:<strong>\u00a0k<\/strong><em><strong>onttori@kuvailla.fi<\/strong><\/em>, otsikolla \u201dvalokuvan k\u00e4sittely\u201d<\/p>\n<p><strong>28. lokakuuta , 14 &#8211; 16, Zen-valokuvaretken kuvien katselmus on Buddhalainen keskus Sampossa. Vapaa p\u00e4\u00e4sy. Tervetuloa!<\/strong><\/p>\n<p>&nbsp;<\/p>\n<p>&nbsp;<\/p>\n<p style=\"text-align: right;\">Tervetuloa mukaan Mikko Vimalamitra<br \/>\nZen-buddhalainen Dharmaopettaja<\/p>\n<p style=\"text-align: right;\">Retki j\u00e4rjestet\u00e4\u00e4n yhteity\u00f6ss\u00e4 Bodhidharma ry:n kanssa.<br \/>\nwww.bodhidharma.fi<\/p>\n<p>&nbsp;<\/p>\n","protected":false},"excerpt":{"rendered":"<p>TULE MUKAAN ZEN-VALOKUVARETKELLE LAUTTASAAREN VATTUNIEMEEN! Lauantaina 22.9. klo 10: 00- 15:00 KATSO LAUTTASAAREN VALOKUVAT NETTISIVULTA Tapaamispaikka on Helsingin Rautatieaseman Metroasema ja Kompassitasanne klo 10:00, josta matkustamme Lauttasaareen metrolla. Gyldenintiell\u00e4 nousemme <a class=\"more-link\" href=\"https:\/\/www.kuvailla.fi\/?p=252\">Lue lis\u00e4\u00e4 &#8230;<\/a><\/p>\n","protected":false},"author":1,"featured_media":0,"comment_status":"closed","ping_status":"closed","sticky":false,"template":"","format":"standard","meta":{"footnotes":""},"categories":[4],"tags":[12,14,13,11,10,16,15],"class_list":["post-252","post","type-post","status-publish","format-standard","hentry","category-kurssit","tag-minimalismi","tag-taidevalokuvaus","tag-valokuvailmaisu","tag-valokuvaretki","tag-wabi-sabi","tag-zen-photograph","tag-zen-valokuvaus"],"_links":{"self":[{"href":"https:\/\/www.kuvailla.fi\/index.php?rest_route=\/wp\/v2\/posts\/252","targetHints":{"allow":["GET"]}}],"collection":[{"href":"https:\/\/www.kuvailla.fi\/index.php?rest_route=\/wp\/v2\/posts"}],"about":[{"href":"https:\/\/www.kuvailla.fi\/index.php?rest_route=\/wp\/v2\/types\/post"}],"author":[{"embeddable":true,"href":"https:\/\/www.kuvailla.fi\/index.php?rest_route=\/wp\/v2\/users\/1"}],"replies":[{"embeddable":true,"href":"https:\/\/www.kuvailla.fi\/index.php?rest_route=%2Fwp%2Fv2%2Fcomments&post=252"}],"version-history":[{"count":28,"href":"https:\/\/www.kuvailla.fi\/index.php?rest_route=\/wp\/v2\/posts\/252\/revisions"}],"predecessor-version":[{"id":763,"href":"https:\/\/www.kuvailla.fi\/index.php?rest_route=\/wp\/v2\/posts\/252\/revisions\/763"}],"wp:attachment":[{"href":"https:\/\/www.kuvailla.fi\/index.php?rest_route=%2Fwp%2Fv2%2Fmedia&parent=252"}],"wp:term":[{"taxonomy":"category","embeddable":true,"href":"https:\/\/www.kuvailla.fi\/index.php?rest_route=%2Fwp%2Fv2%2Fcategories&post=252"},{"taxonomy":"post_tag","embeddable":true,"href":"https:\/\/www.kuvailla.fi\/index.php?rest_route=%2Fwp%2Fv2%2Ftags&post=252"}],"curies":[{"name":"wp","href":"https:\/\/api.w.org\/{rel}","templated":true}]}}